{"id":29,"__str__":"Parecer - REDA\u00c7\u00c3O FINAL de 01/08/2023 por COMISS\u00c3O DE REDA\u00c7\u00c3O FINAL","link_detail_backend":"/materia/documentoacessorio/29","metadata":{},"nome":"REDA\u00c7\u00c3O FINAL","data":"2023-08-01","autor":"COMISS\u00c3O DE REDA\u00c7\u00c3O FINAL","ementa":"CONCEDE T\u00cdTULO DE CIDAD\u00c3O PARINTINENSE AO EXCELENT\u00cdSSIMO PRESIDENTE DA REP\u00daBLICA FEDERATIVA DO BRASIL SENHOR LUIZ IN\u00c1CIO LULA DA SILVA E D\u00c1 OUTRAS PROVID\u00caNCIAS.","indexacao":"","arquivo":"http://sapl.parintins.am.leg.br/media/sapl/public/documentoacessorio/2023/29/redacao_final_do_projeto_de_lei_n._037-2023-pgmp.pdf","data_ultima_atualizacao":"2023-08-01T10:27:54.469721-04:00","materia":5085,"tipo":7}