{"id":5,"__str__":"Parecer - PARECER DA COMISS\u00c3O ESPECIAL de 19/09/2022 por COMISS\u00c3O ESPECIAL","link_detail_backend":"/materia/documentoacessorio/5","metadata":{},"nome":"PARECER DA COMISS\u00c3O ESPECIAL","data":"2022-09-19","autor":"COMISS\u00c3O ESPECIAL","ementa":"PARECER DA COMISS\u00c3O ESPECIAL","indexacao":"","arquivo":"http://sapl.parintins.am.leg.br/media/sapl/public/documentoacessorio/2022/5/parecer_da_comissao_especial.pdf","data_ultima_atualizacao":"2022-10-14T11:09:15.828079-04:00","materia":4271,"tipo":7}