{"id":10066,"__str__":"Mo\u00e7\u00e3o de Pesar n\u00ba 8 de 2026","link_detail_backend":"/materia/10066","metadata":{"signs":{"texto_original":{"admin":[],"autores":[["Carlos Julvan Silva de Medeiros",["2026-04-11T12:34:31-03:00","ICP-Brasil - AC SyngularID Multipla"]]]}}},"numero":8,"ano":2026,"numero_protocolo":579,"data_apresentacao":"2026-04-12","tipo_apresentacao":"","data_publicacao":null,"numero_origem_externa":"","ano_origem_externa":null,"data_origem_externa":null,"apelido":"","dias_prazo":null,"data_fim_prazo":null,"em_tramitacao":true,"polemica":false,"objeto":"","complementar":false,"ementa":"Requeiro nos termos do artigo 70 do Regimento Interno desta Casa Legislativa no sentido de solicitar MO\u00c7\u00c3O DE PESAR a fam\u00edlia do Senhor Marcos Rubem Silva de Jesus, pelo seu falecimento.","indexacao":"","observacao":"","resultado":"","texto_original":"http://sapl.parintins.am.leg.br/media/sapl/public/materialegislativa/2026/10066/mocao_de_pesar_-_marcos_rubem_-_abril_-_26.pdf","data_ultima_atualizacao":"2026-04-12T23:19:36.543527-04:00","ip":"","ultima_edicao":null,"tipo":10,"regime_tramitacao":3,"tipo_origem_externa":null,"local_origem_externa":null,"user":null,"anexadas":[],"autores":[89]}