{"id":10082,"__str__":"Projeto de Decreto Legislativo n\u00ba 8 de 2026","link_detail_backend":"/materia/10082","metadata":{"signs":{"texto_original":{"admin":[],"autores":[["Francisco Walteliton de Souza Pinto",["2026-04-14T07:22:12-04:00","ICP-Brasil - Certificado PF A1"]]]}}},"numero":8,"ano":2026,"numero_protocolo":595,"data_apresentacao":"2026-04-14","tipo_apresentacao":"","data_publicacao":null,"numero_origem_externa":"","ano_origem_externa":null,"data_origem_externa":null,"apelido":"","dias_prazo":null,"data_fim_prazo":null,"em_tramitacao":true,"polemica":false,"objeto":"","complementar":false,"ementa":"QUE CONFERE A COMENDA DO M\u00c9RITO CULTURAL \u2018MEDALHA JAIR MENDES\u2019 AO SENHOR DENILDO PI\u00c7AN\u00c3, PELA RELEVANTE CONTRIBUI\u00c7\u00c3O \u00c0 CULTURA DO MUNIC\u00cdPIO DE PARINTINS E D\u00c1 OUTRAS PROVID\u00caNCIAS.","indexacao":"","observacao":"","resultado":"","texto_original":"http://sapl.parintins.am.leg.br/media/sapl/public/materialegislativa/2026/10082/04-_dia_14_pdl_-_merito_cultural_medalha_jair_mendes_a_denildo_picana_assinado.pdf","data_ultima_atualizacao":"2026-04-14T10:17:36.418724-04:00","ip":"","ultima_edicao":null,"tipo":4,"regime_tramitacao":3,"tipo_origem_externa":null,"local_origem_externa":null,"user":null,"anexadas":[],"autores":[10]}