{"id":1041,"__str__":"Indica\u00e7\u00e3o n\u00ba 139 de 2020","link_detail_backend":"/materia/1041","metadata":{},"numero":139,"ano":2020,"numero_protocolo":null,"data_apresentacao":"2020-07-28","tipo_apresentacao":"E","data_publicacao":null,"numero_origem_externa":"","ano_origem_externa":null,"data_origem_externa":null,"apelido":"","dias_prazo":null,"data_fim_prazo":null,"em_tramitacao":true,"polemica":null,"objeto":"","complementar":null,"ementa":"Requeiro nos termos do Art. 69 do Regimento Interno desta Casa Legislativa ao Governo do Amazonas, por meio do Programa Estadual de Prote\u00e7\u00e3o e\r\nOrienta\u00e7\u00e3o do Consumidor (Procon-AM), e \u00e0 Prefeitura Municipal fiscaliza\u00e7\u00f5es sobre o pre\u00e7o de passagens para o transporte fluvial no interior de Parintins. Em nome da Comiss\u00e3o de Defesa do Consumidor, ressalto, especificamente, o pre\u00e7o de passagens nas balsas com destino \u00e0 Vila Amaz\u00f4nia","indexacao":"","observacao":"","resultado":"","texto_original":"http://sapl.parintins.am.leg.br/media/sapl/public/materialegislativa/2020/1041/indicacao_139-2020_-_vanessa_goncalves.pdf","data_ultima_atualizacao":"2020-07-28T13:09:43.472181-04:00","ip":"131.72.98.126","ultima_edicao":null,"tipo":2,"regime_tramitacao":3,"tipo_origem_externa":null,"local_origem_externa":null,"user":2,"anexadas":[],"autores":[12]}