{"id":1499,"__str__":"Requerimento n\u00ba 261 de 2018","link_detail_backend":"/materia/1499","metadata":{},"numero":261,"ano":2018,"numero_protocolo":null,"data_apresentacao":"2018-09-18","tipo_apresentacao":"E","data_publicacao":null,"numero_origem_externa":"","ano_origem_externa":null,"data_origem_externa":null,"apelido":"","dias_prazo":null,"data_fim_prazo":null,"em_tramitacao":false,"polemica":null,"objeto":"","complementar":null,"ementa":"Requeiro nos termos do artigo 72 do Regimento Interno desta Casa Legislativa, que a Prefeitura Municipal de Parintins, por meio das secretarias municipais, apoio para realiza\u00e7\u00e3o da 1\u00aa A\u00e7\u00e3o Social Fa\u00e7a uma Crian\u00e7a Sorrir. Para o mesmo evento, solicito a colabora\u00e7\u00e3o das Institui\u00e7\u00f5es de Justi\u00e7a do munic\u00edpio, bem como dos centros de forma\u00e7\u00e3o profissionalizante de Parintins.","indexacao":"","observacao":"","resultado":"","texto_original":"http://sapl.parintins.am.leg.br/media/sapl/public/materialegislativa/2018/1499/requerimento_261_2018.pdf","data_ultima_atualizacao":"2020-08-18T10:26:03.916830-04:00","ip":"131.72.98.34","ultima_edicao":"2020-08-18T10:21:38.409695-04:00","tipo":1,"regime_tramitacao":3,"tipo_origem_externa":null,"local_origem_externa":null,"user":22,"anexadas":[],"autores":[12]}