{"id":1539,"__str__":"Requerimento n\u00ba 248 de 2018","link_detail_backend":"/materia/1539","metadata":{},"numero":248,"ano":2018,"numero_protocolo":null,"data_apresentacao":"2018-09-04","tipo_apresentacao":"E","data_publicacao":null,"numero_origem_externa":"","ano_origem_externa":null,"data_origem_externa":null,"apelido":"","dias_prazo":null,"data_fim_prazo":null,"em_tramitacao":false,"polemica":null,"objeto":"","complementar":null,"ementa":"Requeiro nos termos do artigo 72 do Regimento Interno desta Casa Legislativa, \u00e0 Mesa Diretora da C\u00e2mara Municipal de Parintins, no sentido de solicitar Sess\u00e3o Especial em homenagem ao Dia Mundial dos Desbravadores da Igreja Adventista do S\u00e9timo Dia, celebrado anualmente no dia 15 de setembro, e d\u00e1 outras provid\u00eancias.","indexacao":"","observacao":"","resultado":"","texto_original":"http://sapl.parintins.am.leg.br/media/sapl/public/materialegislativa/2018/1539/requerimento_248_2018.pdf","data_ultima_atualizacao":"2020-08-20T09:24:53.930482-04:00","ip":"131.72.98.34","ultima_edicao":"2020-08-20T09:22:56.638619-04:00","tipo":1,"regime_tramitacao":3,"tipo_origem_externa":null,"local_origem_externa":null,"user":22,"anexadas":[],"autores":[11]}