{"id":1730,"__str__":"Indica\u00e7\u00e3o n\u00ba 21 de 2018","link_detail_backend":"/materia/1730","metadata":{},"numero":21,"ano":2018,"numero_protocolo":null,"data_apresentacao":"2018-05-29","tipo_apresentacao":"E","data_publicacao":null,"numero_origem_externa":"","ano_origem_externa":null,"data_origem_externa":null,"apelido":"","dias_prazo":null,"data_fim_prazo":null,"em_tramitacao":false,"polemica":false,"objeto":"","complementar":false,"ementa":"Requeiro nos termos do artigo 69 do Regimento Interno desta Casa Legislativa, INDICA\u00c7\u00c3O ao Poder Executivo Municipal, que possa realizar a I FEIRA DE MEIO AMBIENTE E BIODIVERSIDADE no Munic\u00edpio de Parintins, conforme projeto em anexo e d\u00e1 outras provid\u00eancias.","indexacao":"","observacao":"","resultado":"","texto_original":"http://sapl.parintins.am.leg.br/media/sapl/public/materialegislativa/2018/1730/indicacao_021_2018.pdf","data_ultima_atualizacao":"2020-09-02T10:08:31.785474-04:00","ip":"131.72.98.34","ultima_edicao":"2020-09-02T08:41:39.081116-04:00","tipo":2,"regime_tramitacao":3,"tipo_origem_externa":null,"local_origem_externa":null,"user":22,"anexadas":[],"autores":[10]}