{"id":198,"__str__":"Requerimento n\u00ba 280 de 2018","link_detail_backend":"/materia/198","metadata":{},"numero":280,"ano":2018,"numero_protocolo":null,"data_apresentacao":"2018-09-25","tipo_apresentacao":"E","data_publicacao":null,"numero_origem_externa":"","ano_origem_externa":null,"data_origem_externa":null,"apelido":"","dias_prazo":null,"data_fim_prazo":null,"em_tramitacao":false,"polemica":null,"objeto":"","complementar":null,"ementa":"Requeiro nos termos do artigo 72 do Regimento Interno deste Poder Legislativo Municipal, no sentido de solicitar do Poder Executivo, Secretaria Municipal de Educa\u00e7\u00e3o que realize servi\u00e7os de DEDETIZA\u00c7\u00c3O NAS ESCOLAS MUNICIPAIS \"WALK\u00cdRIA VIANA\", \"S\u00c3O SEBASTI\u00c3O DO CABURI\" E CENTRO DE EDUCA\u00c7\u00c3O INFANTIL \"TIA DOD\u00d3\".","indexacao":"","observacao":"","resultado":"","texto_original":"http://sapl.parintins.am.leg.br/media/sapl/public/materialegislativa/2018/198/requerimento_280_2018.pdf","data_ultima_atualizacao":"2019-03-22T09:49:30.980558-04:00","ip":"","ultima_edicao":null,"tipo":1,"regime_tramitacao":3,"tipo_origem_externa":null,"local_origem_externa":null,"user":null,"anexadas":[],"autores":[1]}