{"id":2147,"__str__":"Indica\u00e7\u00e3o n\u00ba 267 de 2020","link_detail_backend":"/materia/2147","metadata":{},"numero":267,"ano":2020,"numero_protocolo":null,"data_apresentacao":"2020-11-09","tipo_apresentacao":"E","data_publicacao":null,"numero_origem_externa":"","ano_origem_externa":null,"data_origem_externa":null,"apelido":"","dias_prazo":null,"data_fim_prazo":null,"em_tramitacao":false,"polemica":false,"objeto":"","complementar":false,"ementa":"Requeiro nos termos do Art. 69 do Regimento Interno desta Casa Legislativa ao gabinete da deputada estadual Alessandra Camp\u00ealo (MDB) a destina\u00e7\u00e3o de recursos para a reforma e amplia\u00e7\u00e3o da sede da Associa\u00e7\u00e3o dos Moradores do Bairro Ita\u00fana II, no munic\u00edpio de Parintins (AM). Justifico que a medida permite ampliar os projetos desenvolvidos pela organiza\u00e7\u00e3o social, garantindo o pleno funcionamento das atividades que tem transformado a vida desses comunit\u00e1rios.","indexacao":"","observacao":"","resultado":"","texto_original":"http://sapl.parintins.am.leg.br/media/sapl/public/materialegislativa/2020/2147/indicacao_267-2020_-_vanessa_goncalves.pdf","data_ultima_atualizacao":"2021-02-26T11:13:17.794353-04:00","ip":"131.72.98.34","ultima_edicao":"2021-02-26T11:10:43.805013-04:00","tipo":2,"regime_tramitacao":3,"tipo_origem_externa":null,"local_origem_externa":null,"user":22,"anexadas":[],"autores":[12]}