{"id":2234,"__str__":"Requerimento n\u00ba 40 de 2021","link_detail_backend":"/materia/2234","metadata":{},"numero":40,"ano":2021,"numero_protocolo":null,"data_apresentacao":"2021-03-16","tipo_apresentacao":"E","data_publicacao":null,"numero_origem_externa":"","ano_origem_externa":null,"data_origem_externa":null,"apelido":"","dias_prazo":null,"data_fim_prazo":null,"em_tramitacao":false,"polemica":false,"objeto":"","complementar":false,"ementa":"Requeiro nos termos do artigo 72 do Regimento Interno deste Poder Legislativo Municipal no sentido de solicitar \u00e1 Prefeitura de Parintins para que o Setor de Ilumina\u00e7\u00e3o P\u00fablica FA\u00c7A O REPARO DA ILUMINA\u00c7\u00c3O E A INSTALA\u00c7\u00c3O DE NOVOS PONTOS DE LUMIN\u00c1RIAS P\u00daBLICA DA SEDE DA VILA AMAZ\u00d4NIA.","indexacao":"","observacao":"","resultado":"","texto_original":"http://sapl.parintins.am.leg.br/media/sapl/public/materialegislativa/2021/2234/requerimento_040_2021.pdf","data_ultima_atualizacao":"2021-07-22T10:46:15.431275-04:00","ip":"131.72.98.34","ultima_edicao":"2021-03-26T12:03:22.768234-04:00","tipo":1,"regime_tramitacao":3,"tipo_origem_externa":null,"local_origem_externa":null,"user":22,"anexadas":[],"autores":[62]}