{"id":2497,"__str__":"Indica\u00e7\u00e3o n\u00ba 194 de 2021","link_detail_backend":"/materia/2497","metadata":{},"numero":194,"ano":2021,"numero_protocolo":null,"data_apresentacao":"2021-05-03","tipo_apresentacao":"E","data_publicacao":null,"numero_origem_externa":"","ano_origem_externa":null,"data_origem_externa":null,"apelido":"","dias_prazo":null,"data_fim_prazo":null,"em_tramitacao":false,"polemica":false,"objeto":"","complementar":false,"ementa":"Requeiro nos termos do Art. 69 do Regimento Interno desta Casa Legislativa manifestar apoio \u00e0 Comiss\u00e3o de Defesa do Consumidor da Assembleia Legislativa do Amazonas (CDC/Aleam) sobre o pedido \u00e0s operadoras de telefonia m\u00f3vel e Internet de um plano de expans\u00e3o para o interior do Estado. Em Parintins (AM) , a falha no sinal \u00e9 frequente principalmente nos servi\u00e7os da Claro e Telef\u00f4nica Brasil (Vivo), principais operadoras na cidade. Em nome da Comiss\u00e3o de Defesa do Consumidor na C\u00e2mara de Parintins, solicito tamb\u00e9m o envio da presente propositura ao Programa Estadual de Prote\u00e7\u00e3o e Orienta\u00e7\u00e3o do Consumidor (Procon/AM), Minist\u00e9rio P\u00fablico e Defensoria P\u00fablica do Amazonas.","indexacao":"","observacao":"","resultado":"","texto_original":"http://sapl.parintins.am.leg.br/media/sapl/public/materialegislativa/2021/2497/indicacao_194_2021_-_vanessa_goncalves.pdf","data_ultima_atualizacao":"2021-07-21T11:08:58.421798-04:00","ip":"131.72.98.34","ultima_edicao":"2021-05-04T09:04:58.503359-04:00","tipo":2,"regime_tramitacao":3,"tipo_origem_externa":null,"local_origem_externa":null,"user":22,"anexadas":[],"autores":[12]}