{"id":3005,"__str__":"Projeto de Lei Ordin\u00e1ria n\u00ba 26 de 2021","link_detail_backend":"/materia/3005","metadata":{},"numero":26,"ano":2021,"numero_protocolo":null,"data_apresentacao":"2021-09-20","tipo_apresentacao":"E","data_publicacao":null,"numero_origem_externa":"","ano_origem_externa":null,"data_origem_externa":null,"apelido":"","dias_prazo":null,"data_fim_prazo":null,"em_tramitacao":true,"polemica":false,"objeto":"","complementar":false,"ementa":"\"Institui o Programa \"Meu Primeiro Emprego L\u00facio Kimura\" no munic\u00edpio de Parintins para contrata\u00e7\u00e3o de iniciantes no mercado de trabalho e d\u00e1 outras provid\u00eancias.","indexacao":"","observacao":"","resultado":"","texto_original":"http://sapl.parintins.am.leg.br/media/sapl/public/materialegislativa/2021/3005/projeto_de_lei_026_2021_-_alex_garcia.pdf","data_ultima_atualizacao":"2022-01-03T10:46:25.762512-04:00","ip":"131.72.98.217","ultima_edicao":"2021-09-22T09:15:33.531380-04:00","tipo":3,"regime_tramitacao":3,"tipo_origem_externa":null,"local_origem_externa":null,"user":22,"anexadas":[],"autores":[56]}