{"id":30,"__str__":"Indica\u00e7\u00e3o n\u00ba 3 de 2019","link_detail_backend":"/materia/30","metadata":{},"numero":3,"ano":2019,"numero_protocolo":null,"data_apresentacao":"2019-02-26","tipo_apresentacao":"E","data_publicacao":null,"numero_origem_externa":"","ano_origem_externa":null,"data_origem_externa":null,"apelido":"","dias_prazo":null,"data_fim_prazo":null,"em_tramitacao":false,"polemica":null,"objeto":"","complementar":null,"ementa":"Requeiro nos termos do artigo 69 do Regimento Interno desta Casa Legislativa a INDICA\u00c7\u00c3O ao Chefe do Poder Executivo Municipal que a Universidade Federal do Amazonas, em especial, com o curso de Administra\u00e7\u00e3o do Instituto de Ci\u00eancia Sociais, Educa\u00e7\u00e3o e Zootecnia, igualmente, com a incubadora de neg\u00f3cios Amazonas Ind\u00edgena Criativa-AmIC.","indexacao":"","observacao":"","resultado":"","texto_original":"http://sapl.parintins.am.leg.br/media/sapl/public/materialegislativa/2019/30/indicacao_003_2019.pdf","data_ultima_atualizacao":"2019-03-07T10:47:29.368014-04:00","ip":"","ultima_edicao":null,"tipo":2,"regime_tramitacao":3,"tipo_origem_externa":null,"local_origem_externa":null,"user":null,"anexadas":[],"autores":[6]}