{"id":3299,"__str__":"Indica\u00e7\u00e3o n\u00ba 580 de 2021","link_detail_backend":"/materia/3299","metadata":{},"numero":580,"ano":2021,"numero_protocolo":null,"data_apresentacao":"2021-12-07","tipo_apresentacao":"E","data_publicacao":null,"numero_origem_externa":"","ano_origem_externa":null,"data_origem_externa":null,"apelido":"","dias_prazo":null,"data_fim_prazo":null,"em_tramitacao":false,"polemica":false,"objeto":"","complementar":false,"ementa":"Requeiro nos termos do artigo 69 do Regimento interno desta Casa Legislativa indica\u00e7\u00e3o \u00e0 Empresa Amazonas Energia -Ag\u00eancia Parintins para que\r\nenvie uma equipe t\u00e9cnica para solucionar o problema de falta de energia na Comunidade da Bras\u00edlia","indexacao":"","observacao":"","resultado":"","texto_original":"http://sapl.parintins.am.leg.br/media/sapl/public/materialegislativa/2021/3299/indicacao_n._580-2021_-_flavio_farias.pdf","data_ultima_atualizacao":"2021-12-20T09:19:09.920987-04:00","ip":"131.72.98.217","ultima_edicao":"2021-12-16T09:51:02.794948-04:00","tipo":2,"regime_tramitacao":3,"tipo_origem_externa":null,"local_origem_externa":null,"user":2,"anexadas":[],"autores":[61]}