{"id":33,"__str__":"Indica\u00e7\u00e3o n\u00ba 6 de 2019","link_detail_backend":"/materia/33","metadata":{},"numero":6,"ano":2019,"numero_protocolo":null,"data_apresentacao":"2019-02-26","tipo_apresentacao":"E","data_publicacao":null,"numero_origem_externa":"","ano_origem_externa":null,"data_origem_externa":null,"apelido":"","dias_prazo":null,"data_fim_prazo":null,"em_tramitacao":false,"polemica":null,"objeto":"","complementar":null,"ementa":"Requeiro nos termos do artigo 69 do Regimento Interno desta Casa Legislativa INDICA\u00c7\u00c3O ao Excelent\u00edssimo Senhor WILSON LIMA - Governador do Estado do Amazonas - para SOLICITAR REFORMA COMPLETA NO PR\u00c9DIO DO CENTRO DE EDUCA\u00c7\u00c3O INTEGRAL \"DEP. GL\u00c1UCIO GON\u00c7ALVES\" NO MUNIC\u00cdPIO DE PARINTINS.","indexacao":"","observacao":"","resultado":"","texto_original":"http://sapl.parintins.am.leg.br/media/sapl/public/materialegislativa/2019/33/indicacao_006_2019.pdf","data_ultima_atualizacao":"2019-03-07T10:52:51.827150-04:00","ip":"","ultima_edicao":null,"tipo":2,"regime_tramitacao":3,"tipo_origem_externa":null,"local_origem_externa":null,"user":null,"anexadas":[],"autores":[1]}