{"id":3594,"__str__":"Indica\u00e7\u00e3o n\u00ba 168 de 2022","link_detail_backend":"/materia/3594","metadata":{},"numero":168,"ano":2022,"numero_protocolo":null,"data_apresentacao":"2022-04-04","tipo_apresentacao":"E","data_publicacao":null,"numero_origem_externa":"","ano_origem_externa":null,"data_origem_externa":null,"apelido":"","dias_prazo":null,"data_fim_prazo":null,"em_tramitacao":true,"polemica":false,"objeto":"","complementar":false,"ementa":"Requeiro nos termos do artigo 69 do Regimento Interno deste Poder Legislativo Municipal, no sentido de solicitar a Prefeitura Municipal de Parintins a\r\ncria\u00e7\u00e3o de uma Lei que institua o Fundo Municipal de Prote\u00e7\u00e3o e Defesa Civil com o objetivo de concretizar a\u00e7\u00f5es que minimizem os efeitos de desastres no munic\u00edpio de Parintins, disponibilizando e recebendo recursos financeiros e materiais \u00e0 Coordenadoria Municipal de Defesa Civil","indexacao":"","observacao":"","resultado":"","texto_original":"http://sapl.parintins.am.leg.br/media/sapl/public/materialegislativa/2022/3594/indicacao_n._168-2022_-_alex_garcia.pdf","data_ultima_atualizacao":"2022-04-07T09:37:36.759150-04:00","ip":"131.72.98.161","ultima_edicao":"2022-04-07T09:36:17.450224-04:00","tipo":2,"regime_tramitacao":3,"tipo_origem_externa":null,"local_origem_externa":null,"user":2,"anexadas":[],"autores":[56]}