{"id":4006,"__str__":"Mo\u00e7\u00e3o de Aplausos n\u00ba 35 de 2022","link_detail_backend":"/materia/4006","metadata":{},"numero":35,"ano":2022,"numero_protocolo":null,"data_apresentacao":"2022-08-01","tipo_apresentacao":"E","data_publicacao":null,"numero_origem_externa":"","ano_origem_externa":null,"data_origem_externa":null,"apelido":"","dias_prazo":null,"data_fim_prazo":null,"em_tramitacao":true,"polemica":false,"objeto":"","complementar":false,"ementa":"Requeiro nos termos do Art. 70 do Regimento Interno desta Casa Legislativa Mo\u00e7\u00e3o de Aplausos e Parabeniza\u00e7\u00f5es \u00e0 Associa\u00e7\u00e3o de Pastores e L\u00edderes Evang\u00e9licos de Parintins (APALEPIN), pela organiza\u00e7\u00e3o do evento Marcha para Jesus 2022","indexacao":"","observacao":"","resultado":"","texto_original":"http://sapl.parintins.am.leg.br/media/sapl/public/materialegislativa/2022/4006/mocao_de_aplausos_n._035-2022_-_fernando_menezes.pdf","data_ultima_atualizacao":"2022-08-01T10:21:23.344533-04:00","ip":"131.72.98.161","ultima_edicao":"2022-08-01T10:20:40.260646-04:00","tipo":12,"regime_tramitacao":3,"tipo_origem_externa":null,"local_origem_externa":null,"user":2,"anexadas":[],"autores":[59]}