{"id":4091,"__str__":"Projeto de Lei Ordin\u00e1ria n\u00ba 56 de 2022","link_detail_backend":"/materia/4091","metadata":{},"numero":56,"ano":2022,"numero_protocolo":null,"data_apresentacao":"2022-08-16","tipo_apresentacao":"E","data_publicacao":null,"numero_origem_externa":"","ano_origem_externa":null,"data_origem_externa":null,"apelido":"","dias_prazo":null,"data_fim_prazo":null,"em_tramitacao":true,"polemica":false,"objeto":"","complementar":false,"ementa":"Disp\u00f5e sobre a cria\u00e7\u00e3o e implementa\u00e7\u00e3o da Semana da Diversidade LGBTQIA+ e combate a homofobia no Munic\u00edpio de Parintins e d\u00e1 outras provid\u00eancias","indexacao":"","observacao":"","resultado":"","texto_original":"http://sapl.parintins.am.leg.br/media/sapl/public/materialegislativa/2022/4091/projeto_de_lei_n._056-2022_-_brena_dianna.pdf","data_ultima_atualizacao":"2022-08-16T10:50:50.992495-04:00","ip":"131.72.98.161","ultima_edicao":"2022-08-16T10:37:01.943184-04:00","tipo":3,"regime_tramitacao":3,"tipo_origem_externa":null,"local_origem_externa":null,"user":2,"anexadas":[],"autores":[58]}