{"id":4134,"__str__":"Indica\u00e7\u00e3o n\u00ba 568 de 2022","link_detail_backend":"/materia/4134","metadata":{},"numero":568,"ano":2022,"numero_protocolo":29,"data_apresentacao":"2022-08-29","tipo_apresentacao":"","data_publicacao":null,"numero_origem_externa":"","ano_origem_externa":null,"data_origem_externa":null,"apelido":"","dias_prazo":null,"data_fim_prazo":null,"em_tramitacao":true,"polemica":false,"objeto":"","complementar":false,"ementa":"Requeiro nos termos do artigo 69 do Regimento Interno deste Poder Legislativo Municipal no sentido de solicitar \u00e0 Prefeitura de Parintins, por meio da Secretaria Municipal de Obras e Servi\u00e7os P\u00fablicos (Semosp), abertura de Ramal que liga a estrada da Val\u00e9ria \u00e0 localidade denominada N\u00facleo Para\u00edso do Barro, na comunidade Divino Esp\u00edrito Santo \u2013 regi\u00e3o da Val\u00e9ria, com urg\u00eancia, e d\u00e1 outras provid\u00eancias.","indexacao":"","observacao":"","resultado":"","texto_original":"http://sapl.parintins.am.leg.br/media/sapl/public/materialegislativa/2022/4134/08-_dia_01__indicacao_568-_ramal_para_nucleo_do_barro.pdf","data_ultima_atualizacao":"2022-09-02T09:44:52.219796-04:00","ip":"","ultima_edicao":null,"tipo":2,"regime_tramitacao":3,"tipo_origem_externa":null,"local_origem_externa":null,"user":null,"anexadas":[],"autores":[10]}