{"id":4150,"__str__":"Indica\u00e7\u00e3o n\u00ba 581 de 2022","link_detail_backend":"/materia/4150","metadata":{},"numero":581,"ano":2022,"numero_protocolo":45,"data_apresentacao":"2022-08-29","tipo_apresentacao":"","data_publicacao":null,"numero_origem_externa":"","ano_origem_externa":null,"data_origem_externa":null,"apelido":"","dias_prazo":null,"data_fim_prazo":null,"em_tramitacao":true,"polemica":false,"objeto":"","complementar":false,"ementa":"Requeiro nos termos do artigo 69 do Regimento Interno deste Poder Legislativo Municipal no sentido de solicitar \u00e0 Prefeitura Municipal de Parintins, por meio da Secretaria Municipal de Educa\u00e7\u00e3o (SEDUC) e Secretaria Municipal de Obras e Servi\u00e7os P\u00fablicos (SEMOSP), a reforma da Escola S\u00e3o Jos\u00e9 na Terra Preta, rio Mamur\u00fa, bem com a aquisi\u00e7\u00e3o de novos Ares-condicionados para o local e d\u00e1 outras provid\u00eancias","indexacao":"","observacao":"","resultado":"","texto_original":"http://sapl.parintins.am.leg.br/media/sapl/public/materialegislativa/2022/4150/indicacao_para__a_semosp-terra_preta_mamuru_581.pdf","data_ultima_atualizacao":"2022-09-02T09:44:54.756583-04:00","ip":"45.190.21.49","ultima_edicao":"2022-08-29T10:36:21.511429-04:00","tipo":2,"regime_tramitacao":3,"tipo_origem_externa":null,"local_origem_externa":null,"user":2,"anexadas":[],"autores":[59]}