{"id":4176,"__str__":"Indica\u00e7\u00e3o n\u00ba 605 de 2022","link_detail_backend":"/materia/4176","metadata":{},"numero":605,"ano":2022,"numero_protocolo":71,"data_apresentacao":"2022-09-12","tipo_apresentacao":"","data_publicacao":null,"numero_origem_externa":"","ano_origem_externa":null,"data_origem_externa":null,"apelido":"","dias_prazo":null,"data_fim_prazo":null,"em_tramitacao":true,"polemica":false,"objeto":"","complementar":false,"ementa":"Requeiro nos termos do artigo 69 do Regimento Interno desta Casa \r\nLegislativa INDICA\u00c7\u00c3O a Prefeitura Municipal de Parintins, atrav\u00e9s da Empresa \r\nMunicipal de Tr\u00e2nsito e Transportes \u2013 EMTT junto ao Departamento Estadual de \r\nTr\u00e2nsito \u2013 DETRAN para implanta\u00e7\u00e3o de sem\u00e1foro na Avenida Na\u00e7\u00f5es Unidas \r\nesquina com a Rua Senador \u00c1lvaro Maia e d\u00e1 outras provid\u00eancias.","indexacao":"","observacao":"","resultado":"","texto_original":"http://sapl.parintins.am.leg.br/media/sapl/public/materialegislativa/2022/4176/ind._semaforo_nacoes_unidas_e_senador_alvaro_maia.pdf","data_ultima_atualizacao":"2022-09-13T11:20:31.268526-04:00","ip":"","ultima_edicao":null,"tipo":2,"regime_tramitacao":3,"tipo_origem_externa":null,"local_origem_externa":null,"user":null,"anexadas":[],"autores":[60]}