{"id":4490,"__str__":"Indica\u00e7\u00e3o n\u00ba 24 de 2023","link_detail_backend":"/materia/4490","metadata":{"signs":{"texto_original":{"admin":[],"autores":[["Flavio da Costa Farias",["2023-03-07T01:15:07-03:00","ICP-Brasil"]]]}}},"numero":24,"ano":2023,"numero_protocolo":49,"data_apresentacao":"2023-03-07","tipo_apresentacao":"","data_publicacao":null,"numero_origem_externa":"","ano_origem_externa":null,"data_origem_externa":null,"apelido":"","dias_prazo":null,"data_fim_prazo":null,"em_tramitacao":false,"polemica":false,"objeto":"","complementar":false,"ementa":"solicita \u00e0 Prefeitura Municipal de Parintins, por meio da Secretaria Municipal de Obras e Servi\u00e7os P\u00fablicos - SEMOSP, para que construa prote\u00e7\u00e3o de alambrado e escadaria no final dos Becos Silva Campos e Bom Samaritano.","indexacao":"","observacao":"","resultado":"","texto_original":"http://sapl.parintins.am.leg.br/media/sapl/public/materialegislativa/2023/4490/2._indicacao_becos_sao_jose-assinado.pdf","data_ultima_atualizacao":"2023-08-11T08:49:08.575495-04:00","ip":"","ultima_edicao":null,"tipo":2,"regime_tramitacao":3,"tipo_origem_externa":null,"local_origem_externa":null,"user":null,"anexadas":[],"autores":[61]}