{"id":4612,"__str__":"Mo\u00e7\u00e3o de Aplausos n\u00ba 17 de 2023","link_detail_backend":"/materia/4612","metadata":{"signs":{"texto_original":{"admin":[],"autores":[["Francisco Walteliton de Souza Pinto",["2023-03-20T10:20:47-03:00","ICP-Brasil"]]]}}},"numero":17,"ano":2023,"numero_protocolo":168,"data_apresentacao":"2023-03-20","tipo_apresentacao":"","data_publicacao":null,"numero_origem_externa":"","ano_origem_externa":null,"data_origem_externa":null,"apelido":"","dias_prazo":null,"data_fim_prazo":null,"em_tramitacao":true,"polemica":false,"objeto":"","complementar":false,"ementa":"Ao sr. Le\u00e3o Azulay pela participa\u00e7\u00e3o e representa\u00e7\u00e3o da Regi\u00e3o Norte na cerim\u00f4nia em Comemora\u00e7\u00e3o aos 220 Anos da Imigra\u00e7\u00e3o Judaica ao Brasil, realizada em Bras\u00edlia-DF, no dia 15 de mar\u00e7o, no Congresso Nacional.\r\n.","indexacao":"","observacao":"","resultado":"","texto_original":"http://sapl.parintins.am.leg.br/media/sapl/public/materialegislativa/2023/4612/03-_dia_20s_mocao_de_aplausos_xxx_-_leao_azulay.pdf","data_ultima_atualizacao":"2026-04-09T21:56:23.166014-04:00","ip":"","ultima_edicao":null,"tipo":12,"regime_tramitacao":3,"tipo_origem_externa":null,"local_origem_externa":null,"user":null,"anexadas":[],"autores":[10]}