{"id":4681,"__str__":"Indica\u00e7\u00e3o n\u00ba 166 de 2023","link_detail_backend":"/materia/4681","metadata":{"signs":{"texto_original":{"admin":[],"autores":[["Brena Dianna Modesto Barbosa",["2023-04-03T10:30:46-03:00","ICP-Brasil"]]]}}},"numero":166,"ano":2023,"numero_protocolo":235,"data_apresentacao":"2023-04-03","tipo_apresentacao":"","data_publicacao":null,"numero_origem_externa":"","ano_origem_externa":null,"data_origem_externa":null,"apelido":"","dias_prazo":null,"data_fim_prazo":null,"em_tramitacao":true,"polemica":false,"objeto":"","complementar":false,"ementa":"INDICA\u00c7\u00c3O no sentido de solicitar da Prefeitura Municipal de Parintins, para assegurar \u00e0s pessoas com Transtorno do Espectro Autista (TEA) a presta\u00e7\u00e3o gratuita do servi\u00e7o de Transporte P\u00fablico e d\u00e1 outras provid\u00eancias.","indexacao":"","observacao":"","resultado":"","texto_original":"http://sapl.parintins.am.leg.br/media/sapl/public/materialegislativa/2023/4681/indicacao_-___transporte_publico_autistas.pdf","data_ultima_atualizacao":"2026-04-09T01:09:42.347153-04:00","ip":"","ultima_edicao":null,"tipo":2,"regime_tramitacao":3,"tipo_origem_externa":null,"local_origem_externa":null,"user":null,"anexadas":[],"autores":[58]}