{"id":4704,"__str__":"Indica\u00e7\u00e3o n\u00ba 182 de 2023","link_detail_backend":"/materia/4704","metadata":{"signs":{"texto_original":{"admin":[],"autores":[["Brena Dianna Modesto Barbosa",["2023-04-04T10:32:51-03:00","ICP-Brasil"]]]}}},"numero":182,"ano":2023,"numero_protocolo":258,"data_apresentacao":"2023-04-04","tipo_apresentacao":"","data_publicacao":null,"numero_origem_externa":"","ano_origem_externa":null,"data_origem_externa":null,"apelido":"","dias_prazo":null,"data_fim_prazo":null,"em_tramitacao":true,"polemica":false,"objeto":"","complementar":false,"ementa":"INDICA\u00c7\u00c3O no sentido de solicitar da Prefeitura Municipal de Parintins por meio da Secretaria Municipal de Educa\u00e7\u00e3o - SEMED a ado\u00e7\u00e3o do Programa \u201cLei Maria da Penha nas Escolas\u201d como diretriz para as escolas p\u00fablicas e privadas, e d\u00e1 outras provid\u00eancias.","indexacao":"","observacao":"","resultado":"","texto_original":"http://sapl.parintins.am.leg.br/media/sapl/public/materialegislativa/2023/4704/indicacao_-_lei_maria_da_penha_nas_escolas.pdf","data_ultima_atualizacao":"2026-04-09T01:19:21.258826-04:00","ip":"","ultima_edicao":null,"tipo":2,"regime_tramitacao":3,"tipo_origem_externa":null,"local_origem_externa":null,"user":null,"anexadas":[],"autores":[58]}