{"id":4764,"__str__":"Indica\u00e7\u00e3o n\u00ba 226 de 2023","link_detail_backend":"/materia/4764","metadata":{"signs":{"texto_original":{"admin":[],"autores":[["Jose Tupinamba Ribeiro Ponte",["2023-04-17T03:32:51-03:00","ICP-Brasil - Certificado PF A1"]]]}}},"numero":226,"ano":2023,"numero_protocolo":317,"data_apresentacao":"2023-04-17","tipo_apresentacao":"","data_publicacao":null,"numero_origem_externa":"","ano_origem_externa":null,"data_origem_externa":null,"apelido":"","dias_prazo":null,"data_fim_prazo":null,"em_tramitacao":true,"polemica":false,"objeto":"","complementar":false,"ementa":"Solicitar \u00e0 Prefeitura Municipal de Parintins, junto \u00e0 Secretaria Municipal de Obras e Servi\u00e7os P\u00fablicos - SEMOSP, a cria\u00e7\u00e3o de uma pra\u00e7a para a pr\u00e1tica de esportes, lazer e cultura no bairro Ita\u00fana I, II e Paulo Correa e d\u00e1 outras provid\u00eancias.","indexacao":"","observacao":"","resultado":"","texto_original":"http://sapl.parintins.am.leg.br/media/sapl/public/materialegislativa/2023/4764/indicacao__17.04_criacao_praca.pdf","data_ultima_atualizacao":"2026-04-09T01:52:19.883478-04:00","ip":"","ultima_edicao":null,"tipo":2,"regime_tramitacao":3,"tipo_origem_externa":null,"local_origem_externa":null,"user":null,"anexadas":[],"autores":[57]}