{"id":4782,"__str__":"Indica\u00e7\u00e3o n\u00ba 240 de 2023","link_detail_backend":"/materia/4782","metadata":{"signs":{"texto_original":{"admin":[],"autores":[["Afonso de Souza Rocha",["2023-04-17T20:27:22-03:00","ICP-Brasil"]]]}}},"numero":240,"ano":2023,"numero_protocolo":335,"data_apresentacao":"2023-04-18","tipo_apresentacao":"","data_publicacao":null,"numero_origem_externa":"","ano_origem_externa":null,"data_origem_externa":null,"apelido":"","dias_prazo":null,"data_fim_prazo":null,"em_tramitacao":true,"polemica":false,"objeto":"","complementar":false,"ementa":"Solicita da Prefeitura Municipal, atrav\u00e9s da Secretaria Municipal de Obras e Servi\u00e7os P\u00fablicos - Semosp, reforma do C.E.I. Dom Arc\u00e2ngelo C\u00e9rqua, na Agrovila do Mocambo do Arari.","indexacao":"","observacao":"","resultado":"","texto_original":"http://sapl.parintins.am.leg.br/media/sapl/public/materialegislativa/2023/4782/16-ind._reforma_c_e_i_d._arcangelo_-_-1.pdf","data_ultima_atualizacao":"2026-04-09T01:56:00.558479-04:00","ip":"","ultima_edicao":null,"tipo":2,"regime_tramitacao":3,"tipo_origem_externa":null,"local_origem_externa":null,"user":null,"anexadas":[],"autores":[1]}