{"id":4795,"__str__":"Indica\u00e7\u00e3o n\u00ba 250 de 2023","link_detail_backend":"/materia/4795","metadata":{},"numero":250,"ano":2023,"numero_protocolo":348,"data_apresentacao":"2023-04-18","tipo_apresentacao":"","data_publicacao":null,"numero_origem_externa":"","ano_origem_externa":null,"data_origem_externa":null,"apelido":"","dias_prazo":null,"data_fim_prazo":null,"em_tramitacao":true,"polemica":false,"objeto":"","complementar":false,"ementa":"\u00c0 Prefeitura Municipal de Parintins a instala\u00e7\u00e3o de uma Academia ao Ar Livre na Gleba de Vila Amaz\u00f4nia e d\u00e1 outras provid\u00eancias.","indexacao":"","observacao":"","resultado":"","texto_original":"http://sapl.parintins.am.leg.br/media/sapl/public/materialegislativa/2023/4795/04-_dia_18_indicacao________-_academia_ao_ar_livre_em_vila_amazonia.pdf","data_ultima_atualizacao":"2026-04-09T01:56:01.968055-04:00","ip":"","ultima_edicao":null,"tipo":2,"regime_tramitacao":3,"tipo_origem_externa":null,"local_origem_externa":null,"user":null,"anexadas":[],"autores":[10]}