{"id":4810,"__str__":"Indica\u00e7\u00e3o n\u00ba 260 de 2023","link_detail_backend":"/materia/4810","metadata":{},"numero":260,"ano":2023,"numero_protocolo":363,"data_apresentacao":"2023-04-24","tipo_apresentacao":"","data_publicacao":null,"numero_origem_externa":"","ano_origem_externa":null,"data_origem_externa":null,"apelido":"","dias_prazo":null,"data_fim_prazo":null,"em_tramitacao":true,"polemica":false,"objeto":"","complementar":false,"ementa":"Requeiro nos termos do artigo 69 do Regimento Interno desta Casa \r\nLegislativa no sentido de solicitar da Prefeitura Municipal de Parintins a Implanta\u00e7\u00e3o \r\ndo Centro de Conviv\u00eancia da Fam\u00edlia no munic\u00edpio de Parintins.","indexacao":"","observacao":"","resultado":"","texto_original":"http://sapl.parintins.am.leg.br/media/sapl/public/materialegislativa/2023/4810/ind._centro_de_convivencia_da_familia.pdf","data_ultima_atualizacao":"2026-04-09T01:59:27.408048-04:00","ip":"","ultima_edicao":null,"tipo":2,"regime_tramitacao":3,"tipo_origem_externa":null,"local_origem_externa":null,"user":null,"anexadas":[],"autores":[60]}