{"id":4842,"__str__":"Indica\u00e7\u00e3o n\u00ba 288 de 2023","link_detail_backend":"/materia/4842","metadata":{},"numero":288,"ano":2023,"numero_protocolo":395,"data_apresentacao":"2023-04-25","tipo_apresentacao":"","data_publicacao":null,"numero_origem_externa":"","ano_origem_externa":null,"data_origem_externa":null,"apelido":"","dias_prazo":null,"data_fim_prazo":null,"em_tramitacao":true,"polemica":false,"objeto":"","complementar":false,"ementa":"Solicita \u00e0 Prefeitura Municipal de Parintins atrav\u00e9s da SEMOSP que fa\u00e7a a manuten\u00e7\u00e3o da ilumina\u00e7\u00e3o da comunidade S\u00e3o Sebasti\u00e3o do Jar\u00e1.","indexacao":"","observacao":"","resultado":"","texto_original":"http://sapl.parintins.am.leg.br/media/sapl/public/materialegislativa/2023/4842/indicacao_sao_sebastiao_do_jara.pdf","data_ultima_atualizacao":"2026-04-09T02:02:00.737353-04:00","ip":"","ultima_edicao":null,"tipo":2,"regime_tramitacao":3,"tipo_origem_externa":null,"local_origem_externa":null,"user":null,"anexadas":[],"autores":[63]}