{"id":4886,"__str__":"Indica\u00e7\u00e3o n\u00ba 317 de 2023","link_detail_backend":"/materia/4886","metadata":{},"numero":317,"ano":2023,"numero_protocolo":436,"data_apresentacao":"2023-05-08","tipo_apresentacao":"","data_publicacao":null,"numero_origem_externa":"","ano_origem_externa":null,"data_origem_externa":null,"apelido":"","dias_prazo":null,"data_fim_prazo":null,"em_tramitacao":true,"polemica":false,"objeto":"","complementar":false,"ementa":"Indica\u00e7\u00e3o ao Programa Estadual de Prote\u00e7\u00e3o e Orienta\u00e7\u00e3o do Consumidor (Procon-AM), solicitando fiscaliza\u00e7\u00f5es constantes com puni\u00e7\u00e3o\r\nsobre os pre\u00e7os abusivos de passagens a\u00e9reas no per\u00edodo do Festival Folcl\u00f3rico de Parintins.","indexacao":"","observacao":"","resultado":"","texto_original":"http://sapl.parintins.am.leg.br/media/sapl/public/materialegislativa/2023/4886/indicacao_ao_programa_estadual_de_protecao_e_orientacao_do_consumidorprocon-am.docx_1.pdf","data_ultima_atualizacao":"2026-04-09T02:13:17.403816-04:00","ip":"","ultima_edicao":null,"tipo":2,"regime_tramitacao":3,"tipo_origem_externa":null,"local_origem_externa":null,"user":null,"anexadas":[],"autores":[12]}