{"id":4922,"__str__":"Projeto de Lei Ordin\u00e1ria n\u00ba 20 de 2023","link_detail_backend":"/materia/4922","metadata":{},"numero":20,"ano":2023,"numero_protocolo":472,"data_apresentacao":"2023-05-15","tipo_apresentacao":"","data_publicacao":null,"numero_origem_externa":"","ano_origem_externa":null,"data_origem_externa":null,"apelido":"","dias_prazo":null,"data_fim_prazo":null,"em_tramitacao":true,"polemica":false,"objeto":"","complementar":false,"ementa":"\"DISP\u00d5E SOBRE A IMPLANTA\u00c7\u00c3O DE MEDIDAS DE INFORMA\u00c7\u00c3O E PROTE\u00c7\u00c3O \u00c0 GESTANTE E \u00c0 PARTURIENTE CONTRA A VIOL\u00caNCIA OBST\u00c9TRICA NO MUNIC\u00cdPIO DE PARINTINS E D\u00c1 OUTRAS PROVID\u00caNCIAS\".","indexacao":"","observacao":"","resultado":"","texto_original":"http://sapl.parintins.am.leg.br/media/sapl/public/materialegislativa/2023/4922/projeto_de_lei_-_violencia_obstetrica.pdf","data_ultima_atualizacao":"2023-05-15T09:54:52.727196-04:00","ip":"","ultima_edicao":null,"tipo":3,"regime_tramitacao":3,"tipo_origem_externa":null,"local_origem_externa":null,"user":null,"anexadas":[],"autores":[58]}