{"id":5037,"__str__":"Indica\u00e7\u00e3o n\u00ba 426 de 2023","link_detail_backend":"/materia/5037","metadata":{},"numero":426,"ano":2023,"numero_protocolo":586,"data_apresentacao":"2023-06-12","tipo_apresentacao":"","data_publicacao":null,"numero_origem_externa":"","ano_origem_externa":null,"data_origem_externa":null,"apelido":"","dias_prazo":null,"data_fim_prazo":null,"em_tramitacao":true,"polemica":false,"objeto":"","complementar":false,"ementa":"INDICA\u00c7\u00c3O no sentido de solicitar da Prefeitura Municipal de Parintins a cria\u00e7\u00e3o do Centro de Apoio aos Idosos da Vila Amaz\u00f4nica, e d\u00e1 outras provid\u00eancias.","indexacao":"","observacao":"","resultado":"","texto_original":"http://sapl.parintins.am.leg.br/media/sapl/public/materialegislativa/2023/5037/indicacao_-_centro_de_apoio_aos_idosos_da_vila_amazonica.pdf","data_ultima_atualizacao":"2026-04-09T09:25:19.360920-04:00","ip":"","ultima_edicao":null,"tipo":2,"regime_tramitacao":3,"tipo_origem_externa":null,"local_origem_externa":null,"user":null,"anexadas":[],"autores":[58]}