{"id":5111,"__str__":"Indica\u00e7\u00e3o n\u00ba 470 de 2023","link_detail_backend":"/materia/5111","metadata":{"signs":{"texto_original":{"admin":[],"autores":[["Flavio da Costa Farias",["2023-08-06T16:46:01-03:00","ICP-Brasil"]]]}}},"numero":470,"ano":2023,"numero_protocolo":658,"data_apresentacao":"2023-08-07","tipo_apresentacao":"","data_publicacao":null,"numero_origem_externa":"","ano_origem_externa":null,"data_origem_externa":null,"apelido":"","dias_prazo":null,"data_fim_prazo":null,"em_tramitacao":true,"polemica":false,"objeto":"","complementar":false,"ementa":"Solicita ao Governo do Estado do Amazonas, para que inclua Cobertura das Arquibancadas das Galeras no projeto de constru\u00e7\u00e3o do novo Bumbodr\u00f3mo de Parintins.","indexacao":"","observacao":"","resultado":"","texto_original":"http://sapl.parintins.am.leg.br/media/sapl/public/materialegislativa/2023/5111/13._governo_do_estado_-_cobertura_no_bumbodromo-assinado.pdf","data_ultima_atualizacao":"2026-04-09T14:07:51.335556-04:00","ip":"","ultima_edicao":null,"tipo":2,"regime_tramitacao":3,"tipo_origem_externa":null,"local_origem_externa":null,"user":null,"anexadas":[],"autores":[61]}