{"id":5165,"__str__":"Indica\u00e7\u00e3o n\u00ba 510 de 2023","link_detail_backend":"/materia/5165","metadata":{"signs":{"texto_original":{"admin":[],"autores":[["Mateus Ferreira Assayag",["2023-08-14T23:44:07-03:00","ICP-Brasil"]]]}}},"numero":510,"ano":2023,"numero_protocolo":714,"data_apresentacao":"2023-08-21","tipo_apresentacao":"","data_publicacao":null,"numero_origem_externa":"","ano_origem_externa":null,"data_origem_externa":null,"apelido":"","dias_prazo":null,"data_fim_prazo":null,"em_tramitacao":true,"polemica":false,"objeto":"","complementar":false,"ementa":"Indica\u00e7\u00e3o ao Poder Executivo Municipal atrav\u00e9s da Secretaria de Desenvolvimento Sustent\u00e1vel e Meio Ambiente (Sedema) e de coopera\u00e7\u00e3o t\u00e9cnica para realizar a limpeza e coleta de res\u00edduos nas praias de Parintins, bem como, campanhas educativas sobre a import\u00e2ncia dessa pr\u00e1tica para o meio ambiente.","indexacao":"","observacao":"","resultado":"","texto_original":"http://sapl.parintins.am.leg.br/media/sapl/public/materialegislativa/2023/5165/indicacao_para_prefeitura__limpeza_praia_.pdf","data_ultima_atualizacao":"2023-08-24T10:15:32.229929-04:00","ip":"","ultima_edicao":null,"tipo":2,"regime_tramitacao":3,"tipo_origem_externa":null,"local_origem_externa":null,"user":null,"anexadas":[],"autores":[8]}