{"id":5192,"__str__":"Indica\u00e7\u00e3o n\u00ba 530 de 2023","link_detail_backend":"/materia/5192","metadata":{"signs":{"texto_original":{"admin":[],"autores":[["Francisco Walteliton de Souza Pinto",["2023-08-20T22:13:55-03:00","ICP-Brasil"]]]}}},"numero":530,"ano":2023,"numero_protocolo":741,"data_apresentacao":"2023-08-21","tipo_apresentacao":"","data_publicacao":null,"numero_origem_externa":"","ano_origem_externa":null,"data_origem_externa":null,"apelido":"","dias_prazo":null,"data_fim_prazo":null,"em_tramitacao":true,"polemica":false,"objeto":"","complementar":false,"ementa":"\u00c0 Prefeitura Municipal de Parintins, por meio da Secretaria Municipal de Sa\u00fade \u2013 SEMSA, provid\u00eancias para disponibiliza\u00e7\u00e3o de T\u00e9cnico em Enfermagem para a Ambulancha que atende a comunidade Saracura","indexacao":"","observacao":"","resultado":"","texto_original":"http://sapl.parintins.am.leg.br/media/sapl/public/materialegislativa/2023/5192/08-_dia_21_indicacao_-_pmp_tecnico_para_ambulancha_.pdf","data_ultima_atualizacao":"2023-08-24T10:15:36.167668-04:00","ip":"","ultima_edicao":null,"tipo":2,"regime_tramitacao":3,"tipo_origem_externa":null,"local_origem_externa":null,"user":null,"anexadas":[],"autores":[10]}