{"id":5227,"__str__":"Indica\u00e7\u00e3o n\u00ba 561 de 2023","link_detail_backend":"/materia/5227","metadata":{"signs":{"texto_original":{"admin":[],"autores":[["Vanessa Geny Carneiro Goncalves",["2023-08-22T09:21:43-03:00","ICP-Brasil"]]]}}},"numero":561,"ano":2023,"numero_protocolo":776,"data_apresentacao":"2023-08-22","tipo_apresentacao":"","data_publicacao":null,"numero_origem_externa":"","ano_origem_externa":null,"data_origem_externa":null,"apelido":"","dias_prazo":null,"data_fim_prazo":null,"em_tramitacao":true,"polemica":false,"objeto":"","complementar":false,"ementa":"\u00c1 Prefeitura Municipal de Parintins, por meio da Secretaria de Assist\u00eancia Social (SEMASTH), a implanta\u00e7\u00e3o de um CRAS no Conjunto Habitacional Residencial Parintins.","indexacao":"","observacao":"","resultado":"","texto_original":"http://sapl.parintins.am.leg.br/media/sapl/public/materialegislativa/2023/5227/a_prefeitura_municipal_de_parintins_por_meio_da_secretaria_de_assistencia_social_semasth_a_implantacao_de_um_cras_no_conjunto_habitacional_residencial_parintins..pdf","data_ultima_atualizacao":"2023-08-24T10:08:31.841355-04:00","ip":"","ultima_edicao":null,"tipo":2,"regime_tramitacao":3,"tipo_origem_externa":null,"local_origem_externa":null,"user":null,"anexadas":[],"autores":[12]}