{"id":5274,"__str__":"Indica\u00e7\u00e3o n\u00ba 591 de 2023","link_detail_backend":"/materia/5274","metadata":{"signs":{"texto_original":{"admin":[],"autores":[["Jose Tupinamba Ribeiro Ponte",["2023-08-29T10:11:07-03:00","ICP-Brasil"]]]}}},"numero":591,"ano":2023,"numero_protocolo":820,"data_apresentacao":"2023-08-29","tipo_apresentacao":"","data_publicacao":null,"numero_origem_externa":"","ano_origem_externa":null,"data_origem_externa":null,"apelido":"","dias_prazo":null,"data_fim_prazo":null,"em_tramitacao":false,"polemica":false,"objeto":"","complementar":false,"ementa":"Solicitar \u00e0 Prefeitura Municipal de Parintins, por meio da Empresa Municipal de Tr\u00e2nsito e transporte \u2013 EMTT a pintura de uma faixa de pedestre e sinaliza\u00e7\u00e3o adequada em frente \u00e0 Universidade Federal do Amazonas, e d\u00e1 outras provid\u00eancias.","indexacao":"","observacao":"","resultado":"","texto_original":"http://sapl.parintins.am.leg.br/media/sapl/public/materialegislativa/2023/5274/29.08_faixa_pedestre_ufam.pdf","data_ultima_atualizacao":"2023-08-29T12:18:40.018591-04:00","ip":"","ultima_edicao":null,"tipo":2,"regime_tramitacao":3,"tipo_origem_externa":null,"local_origem_externa":null,"user":null,"anexadas":[],"autores":[57]}