{"id":533,"__str__":"Requerimento n\u00ba 308 de 2019","link_detail_backend":"/materia/533","metadata":{},"numero":308,"ano":2019,"numero_protocolo":null,"data_apresentacao":"2019-09-02","tipo_apresentacao":"E","data_publicacao":null,"numero_origem_externa":"","ano_origem_externa":null,"data_origem_externa":null,"apelido":"","dias_prazo":null,"data_fim_prazo":null,"em_tramitacao":false,"polemica":null,"objeto":"","complementar":null,"ementa":"Requeiro nos termos do artigo 72 do Regimento Interno desta Casa Legislativa \u00e0 Mesa Diretora da C\u00e2mara Municipal de Parintins, no sentido de solicitar Sess\u00e3o Especial em Homenagem ao Dia dos Desbravadores da Igreja Adventista do 70 Dia, celebrado mundialmente no dia 14 de setembro, em 2019 e d\u00e1 outras provid\u00eancias.","indexacao":"","observacao":"","resultado":"","texto_original":"http://sapl.parintins.am.leg.br/media/sapl/public/materialegislativa/2019/533/requerimento_308_2019.pdf","data_ultima_atualizacao":"2019-11-13T11:15:06.754642-04:00","ip":"131.72.98.34","ultima_edicao":null,"tipo":1,"regime_tramitacao":3,"tipo_origem_externa":null,"local_origem_externa":null,"user":22,"anexadas":[],"autores":[11]}