{"id":5539,"__str__":"Mo\u00e7\u00e3o de Aplausos n\u00ba 88 de 2023","link_detail_backend":"/materia/5539","metadata":{},"numero":88,"ano":2023,"numero_protocolo":1084,"data_apresentacao":"2023-10-23","tipo_apresentacao":"","data_publicacao":null,"numero_origem_externa":"","ano_origem_externa":null,"data_origem_externa":null,"apelido":"","dias_prazo":null,"data_fim_prazo":null,"em_tramitacao":true,"polemica":false,"objeto":"","complementar":false,"ementa":"Requeiro nos termos do Art.70 do Regimento Interno desta Casa Legislativa Mo\u00e7\u00e3o de Aplausos e Parabeniza\u00e7\u00f5es a Francisco Corr\u00eaa de Souza. Nosso objetivo \u00e9 reconhecer a\u00e7\u00f5es desenvolvidas por ele a 10 anos no Bairro Ita\u00fana II-Parintins (AM) em alus\u00e3o aos Dia das Crian\u00e7as. A festa acontece no m\u00eas de outubro e busca a integra\u00e7\u00e3o dos moradores com atividades de lazer e intera\u00e7\u00e3o social.","indexacao":"","observacao":"","resultado":"","texto_original":"http://sapl.parintins.am.leg.br/media/sapl/public/materialegislativa/2023/5539/mocao_de_aplausos_e_parabenizacoes_a_francisco__correa_de_souza._nosso_objetivo_e_reconhecer_acoes_desenvolvidas_por_ele_a_10_anos_no_bairro_itauna_ii-_parintins.docx.pdf","data_ultima_atualizacao":"2026-04-10T11:20:49.915851-04:00","ip":"","ultima_edicao":null,"tipo":12,"regime_tramitacao":3,"tipo_origem_externa":null,"local_origem_externa":null,"user":null,"anexadas":[],"autores":[12]}