{"id":5545,"__str__":"Indica\u00e7\u00e3o n\u00ba 780 de 2023","link_detail_backend":"/materia/5545","metadata":{"signs":{"texto_original":{"admin":[],"autores":[["Flavio da Costa Farias",["2023-10-23T09:08:48-03:00","ICP-Brasil"]]]}}},"numero":780,"ano":2023,"numero_protocolo":1090,"data_apresentacao":"2023-10-23","tipo_apresentacao":"","data_publicacao":null,"numero_origem_externa":"","ano_origem_externa":null,"data_origem_externa":null,"apelido":"","dias_prazo":null,"data_fim_prazo":null,"em_tramitacao":true,"polemica":false,"objeto":"","complementar":false,"ementa":"Solicita \u00e0 Prefeitura Municipal de Parintins, por meio da Secretaria Municipal de Sa\u00fade - SEMSA, que sejam enviados t\u00e9cnicos da Vigil\u00e2ncia Sanit\u00e1ria para realizar uma inspe\u00e7\u00e3o na \u00e1gua consumida pelos estudantes na Universidade Federal do Amazonas (UFAM), campus Parintins.","indexacao":"","observacao":"","resultado":"","texto_original":"http://sapl.parintins.am.leg.br/media/sapl/public/materialegislativa/2023/5545/33._indicacao_agua_ufam.doc-assinado.pdf","data_ultima_atualizacao":"2023-10-23T09:09:38.249542-04:00","ip":"","ultima_edicao":null,"tipo":2,"regime_tramitacao":3,"tipo_origem_externa":null,"local_origem_externa":null,"user":null,"anexadas":[],"autores":[61]}