{"id":5656,"__str__":"Indica\u00e7\u00e3o n\u00ba 856 de 2023","link_detail_backend":"/materia/5656","metadata":{"signs":{"texto_original":{"admin":[],"autores":[["Jose Tupinamba Ribeiro Ponte",["2023-11-06T09:42:38-03:00","ICP-Brasil"]]]}}},"numero":856,"ano":2023,"numero_protocolo":1199,"data_apresentacao":"2023-11-06","tipo_apresentacao":"","data_publicacao":null,"numero_origem_externa":"","ano_origem_externa":null,"data_origem_externa":null,"apelido":"","dias_prazo":null,"data_fim_prazo":null,"em_tramitacao":true,"polemica":false,"objeto":"","complementar":false,"ementa":"Solicitar \u00e0 Prefeitura Municipal de Parintins, junto \u00e0 Secretaria Municipal de Obras \u2013 SEMOSP, a reforma e revitaliza\u00e7\u00e3o da Pra\u00e7a do Pirarucu \u2013 Conjunto Sham, e d\u00e1 outras provid\u00eancias.","indexacao":"","observacao":"","resultado":"","texto_original":"http://sapl.parintins.am.leg.br/media/sapl/public/materialegislativa/2023/5656/indicacao__praca_do_pirarucu_06.11.pdf","data_ultima_atualizacao":"2023-11-06T09:39:32.527846-04:00","ip":"","ultima_edicao":null,"tipo":2,"regime_tramitacao":3,"tipo_origem_externa":null,"local_origem_externa":null,"user":null,"anexadas":[],"autores":[57]}