{"id":5760,"__str__":"Indica\u00e7\u00e3o n\u00ba 925 de 2023","link_detail_backend":"/materia/5760","metadata":{},"numero":925,"ano":2023,"numero_protocolo":1297,"data_apresentacao":"2023-11-27","tipo_apresentacao":"","data_publicacao":null,"numero_origem_externa":"","ano_origem_externa":null,"data_origem_externa":null,"apelido":"","dias_prazo":null,"data_fim_prazo":null,"em_tramitacao":true,"polemica":false,"objeto":"","complementar":false,"ementa":"Indica\u00e7\u00e3o ao Executivo atrav\u00e9s da Coordenadoria de Endemias, que fa\u00e7a a doa\u00e7\u00e3o de insumos para Campanha de vacina\u00e7\u00e3o canina que vai ser realizada pela acad\u00eamica de Medicina Veterin\u00e1ria do 9\u00ba per\u00edodo Vanessa Lima Teixeira.","indexacao":"","observacao":"","resultado":"","texto_original":"http://sapl.parintins.am.leg.br/media/sapl/public/materialegislativa/2023/5760/indicacao_27.11.23__endemias.pdf","data_ultima_atualizacao":"2023-11-27T09:19:47.468901-04:00","ip":"","ultima_edicao":null,"tipo":2,"regime_tramitacao":3,"tipo_origem_externa":null,"local_origem_externa":null,"user":null,"anexadas":[],"autores":[4]}