{"id":5904,"__str__":"Indica\u00e7\u00e3o n\u00ba 15 de 2024","link_detail_backend":"/materia/5904","metadata":{"signs":{"texto_original":{"admin":[],"autores":[["Flavio da Costa Farias",["2024-02-20T00:10:10-03:00","ICP-Brasil"]]]}}},"numero":15,"ano":2024,"numero_protocolo":23,"data_apresentacao":"2024-02-20","tipo_apresentacao":"","data_publicacao":null,"numero_origem_externa":"","ano_origem_externa":null,"data_origem_externa":null,"apelido":"","dias_prazo":null,"data_fim_prazo":null,"em_tramitacao":true,"polemica":false,"objeto":"","complementar":false,"ementa":"Solicita ao Governo do Estado do Amazonas, atrav\u00e9s da Secretaria de Estado de Sa\u00fade - SES, para que envie a Unidade M\u00f3vel de Sa\u00fade/Carreta da Sa\u00fade para atender a popula\u00e7\u00e3o do munic\u00edpio de Parintins.","indexacao":"","observacao":"","resultado":"","texto_original":"http://sapl.parintins.am.leg.br/media/sapl/public/materialegislativa/2024/5904/1._governo_do_estado_-_ses_-_carreta_da_saude-assinado.pdf","data_ultima_atualizacao":"2024-02-21T11:52:01.913570-04:00","ip":"","ultima_edicao":null,"tipo":2,"regime_tramitacao":3,"tipo_origem_externa":null,"local_origem_externa":null,"user":null,"anexadas":[],"autores":[61]}