{"id":5912,"__str__":"Indica\u00e7\u00e3o n\u00ba 20 de 2024","link_detail_backend":"/materia/5912","metadata":{},"numero":20,"ano":2024,"numero_protocolo":31,"data_apresentacao":"2024-02-20","tipo_apresentacao":"","data_publicacao":null,"numero_origem_externa":"","ano_origem_externa":null,"data_origem_externa":null,"apelido":"","dias_prazo":null,"data_fim_prazo":null,"em_tramitacao":true,"polemica":false,"objeto":"","complementar":false,"ementa":"solicitar \u00e0 Prefeitura Municipal de Parintins por meio da Secretaria Municipal de Obras e Servi\u00e7os P\u00fablicos (Semosp)/ Setor da ilumina\u00e7\u00e3o P\u00fablica, para que fa\u00e7a a reposi\u00e7\u00e3o das Lumin\u00e1rias na Estrada Eduardo Braga, pr\u00f3ximo ao Aeroporto e d\u00e1 outras providencias.","indexacao":"","observacao":"","resultado":"","texto_original":"http://sapl.parintins.am.leg.br/media/sapl/public/materialegislativa/2024/5912/semosp_-reposicao_das_lampadas__estrada_eduardo_braga.pdf","data_ultima_atualizacao":"2024-02-21T11:52:02.848120-04:00","ip":"","ultima_edicao":null,"tipo":2,"regime_tramitacao":3,"tipo_origem_externa":null,"local_origem_externa":null,"user":null,"anexadas":[],"autores":[59]}