{"id":614,"__str__":"Requerimento n\u00ba 388 de 2019","link_detail_backend":"/materia/614","metadata":{},"numero":388,"ano":2019,"numero_protocolo":null,"data_apresentacao":"2019-10-29","tipo_apresentacao":"E","data_publicacao":null,"numero_origem_externa":"","ano_origem_externa":null,"data_origem_externa":null,"apelido":"","dias_prazo":null,"data_fim_prazo":null,"em_tramitacao":false,"polemica":null,"objeto":"","complementar":null,"ementa":"Requeiro nos termos do artigo 72 do Regimento Interno deste Poder Legislativo Municipal, no sentido de solicitar ao Coordenador de Ilumina\u00e7\u00e3o P\u00fablica o Sr. Juscelino Carioca, para que fa\u00e7a a troca das lumin\u00e1rias das Ruas J\u00falio Bel\u00e9m, Carvalho Leal e S\u00e3o Benedito, com urg\u00eancia.","indexacao":"","observacao":"","resultado":"","texto_original":"http://sapl.parintins.am.leg.br/media/sapl/public/materialegislativa/2019/614/requerimento_388_2019.pdf","data_ultima_atualizacao":"2019-11-28T10:26:36.604736-04:00","ip":"131.72.98.34","ultima_edicao":null,"tipo":1,"regime_tramitacao":3,"tipo_origem_externa":null,"local_origem_externa":null,"user":22,"anexadas":[],"autores":[4]}