{"id":6188,"__str__":"Indica\u00e7\u00e3o n\u00ba 252 de 2024","link_detail_backend":"/materia/6188","metadata":{},"numero":252,"ano":2024,"numero_protocolo":301,"data_apresentacao":"2024-03-18","tipo_apresentacao":"","data_publicacao":null,"numero_origem_externa":"","ano_origem_externa":null,"data_origem_externa":null,"apelido":"","dias_prazo":null,"data_fim_prazo":null,"em_tramitacao":false,"polemica":false,"objeto":"","complementar":false,"ementa":"\u00c0 Prefeitura Municipal de Parintins, por meio da Secretaria Municipal de Educa\u00e7\u00e3o (Semed) e da Secretaria Municipal de Obras e Servi\u00e7os P\u00fablicos (Semosp), a constru\u00e7\u00e3o de novo pr\u00e9dio para da comunidade S\u00e3o Francisco \u2013 regi\u00e3o do Paran\u00e1 do Esp\u00edrito Santo de Baixo","indexacao":"","observacao":"","resultado":"","texto_original":"http://sapl.parintins.am.leg.br/media/sapl/public/materialegislativa/2024/6188/03-_dia_18_indicacao_-_nova_escola_para_parana_de_baixo.pdf","data_ultima_atualizacao":"2024-03-18T16:28:06.357113-04:00","ip":"","ultima_edicao":null,"tipo":2,"regime_tramitacao":3,"tipo_origem_externa":null,"local_origem_externa":null,"user":null,"anexadas":[],"autores":[10]}