{"id":6250,"__str__":"Indica\u00e7\u00e3o n\u00ba 306 de 2024","link_detail_backend":"/materia/6250","metadata":{"signs":{"texto_original":{"admin":[],"autores":[["Vanessa Geny Carneiro Goncalves",["2024-03-25T09:59:47-03:00","ICP-Brasil"]]]}}},"numero":306,"ano":2024,"numero_protocolo":360,"data_apresentacao":"2024-03-25","tipo_apresentacao":"","data_publicacao":null,"numero_origem_externa":"","ano_origem_externa":null,"data_origem_externa":null,"apelido":"","dias_prazo":null,"data_fim_prazo":null,"em_tramitacao":true,"polemica":false,"objeto":"","complementar":false,"ementa":"Requeiro nos termos do Art. 69 do Regimento Interno desta Casa Legislativa indica\u00e7\u00e3o a Prefeitura de Parintins, por meio da Secretaria Municipal\r\nde Obras e Servi\u00e7os P\u00fablicos (Semosp), solicito servi\u00e7os de limpeza e terraplenagem para as ruas: Euler Vieira, Ant\u00f4nio Alves e Bara\u00fana localizada na\r\ncomunidade Vila Amaz\u00f4nia, e d\u00e1 outras provid\u00eancias","indexacao":"","observacao":"","resultado":"","texto_original":"http://sapl.parintins.am.leg.br/media/sapl/public/materialegislativa/2024/6250/indicacao_solicitando_terraplenagem_da_ruas_euler_vieira2c_antonio_alves_e_barauna_localizada_na_comunidade_vila_amazonia..docx_28129_assinado_2.pdf","data_ultima_atualizacao":"2024-04-01T11:57:06.424097-04:00","ip":"","ultima_edicao":null,"tipo":2,"regime_tramitacao":3,"tipo_origem_externa":null,"local_origem_externa":null,"user":null,"anexadas":[],"autores":[12]}