{"id":6335,"__str__":"Indica\u00e7\u00e3o n\u00ba 380 de 2024","link_detail_backend":"/materia/6335","metadata":{"signs":{"texto_original":{"admin":[],"autores":[["Paulo Cesar Rodrigues Linhares",["2024-04-02T01:10:13-03:00","ICP-Brasil"]]]}}},"numero":380,"ano":2024,"numero_protocolo":445,"data_apresentacao":"2024-04-02","tipo_apresentacao":"","data_publicacao":null,"numero_origem_externa":"","ano_origem_externa":null,"data_origem_externa":null,"apelido":"","dias_prazo":null,"data_fim_prazo":null,"em_tramitacao":true,"polemica":false,"objeto":"","complementar":false,"ementa":"Indica\u00e7\u00e3o ao Diretor da Amazonas Energia, Sr. Radyr Gomes, que fa\u00e7a a extens\u00e3o da Rede El\u00e9trica do Programa Luz para Todos da Comunidade do Remanso at\u00e9 o Maraj\u00e1, ambos na Regi\u00e3o do Mocambo do Arari.","indexacao":"","observacao":"","resultado":"","texto_original":"http://sapl.parintins.am.leg.br/media/sapl/public/materialegislativa/2024/6335/indicacao_ext._rede_eletrica_remanso_e_maraja_02.04.24-assinado.pdf","data_ultima_atualizacao":"2024-04-02T10:24:25.009149-04:00","ip":"","ultima_edicao":null,"tipo":2,"regime_tramitacao":3,"tipo_origem_externa":null,"local_origem_externa":null,"user":null,"anexadas":[],"autores":[4]}